

{"id":6373,"date":"2025-06-30T08:23:00","date_gmt":"2025-06-30T06:23:00","guid":{"rendered":"https:\/\/edai.eu\/la-leticia-asenjo-presenta-el-model-datencio-precoc-i-la-intervencio-especialitzada-en-autisme-a-europa\/"},"modified":"2025-07-17T09:21:21","modified_gmt":"2025-07-17T07:21:21","slug":"la-leticia-asenjo-presenta-el-model-datencio-precoc-i-la-intervencio-especialitzada-en-autisme-a-europa","status":"publish","type":"post","link":"https:\/\/edai.eu\/ca\/la-leticia-asenjo-presenta-el-model-datencio-precoc-i-la-intervencio-especialitzada-en-autisme-a-europa\/","title":{"rendered":"La Leticia Asenjo presenta a Europa el model EDAI d&#8217;Atenci\u00f3 Preco\u00e7 i la intervenci\u00f3 especialitzada en autisme"},"content":{"rendered":"\n<p>Leticia Asenjo, directora i cofundadora d\u2019EDAI, ha participat en el principal congr\u00e9s europeu de Psiquiatria Infantil, l\u2019ESCAP Congress (European Society for Child and Adolescent Psychiatry), celebrat a Estrasburg, Fran\u00e7a.<br\/>La Leticia va ser convidada a intervenir com a representant d\u2019Espanya en el simposi \u201cEarly Interventions in ASD across Europe: Clinical Practices in Germany, Italy, Spain, and France\u201d. En aquesta sessi\u00f3 es va dur a terme una presentaci\u00f3 i un debat entre institucions de refer\u00e8ncia de Fran\u00e7a (Hospital Universitari de Tours), Alemanya (Universitat de Heidelberg), It\u00e0lia (Universitat de Palerm) i Espanya (EDAI), sobre les caracter\u00edstiques i els punts en com\u00fa de cada model i l\u2019\u00fas de l\u2019evid\u00e8ncia per millorar i optimitzar les intervencions en autisme en l\u2019Atenci\u00f3 Preco\u00e7. <\/p>\n\n<p>Formar part d\u2019aquest di\u00e0leg europeu \u00e9s un pas endavant en la construcci\u00f3 del futur de les intervencions basades en l\u2019evid\u00e8ncia en l\u2019\u00e0mbit de l\u2019autisme, i enforteix l\u2019esfor\u00e7 col\u00b7lectiu per millorar la intervenci\u00f3 preco\u00e7 i l\u2019atenci\u00f3 en salut mental infantil arreu d\u2019Europa.<\/p>\n\n<p><\/p>\n\n<p><br\/><\/p>\n\n<p><\/p>\n","protected":false},"excerpt":{"rendered":"<p>Leticia Asenjo, directora i cofundadora d\u2019EDAI, ha participat en el principal congr\u00e9s europeu de Psiquiatria Infantil, l\u2019ESCAP Congress (European Society for Child and Adolescent Psychiatry), celebrat a Estrasburg, Fran\u00e7a.La Leticia va ser convidada a intervenir com a representant d\u2019Espanya en el simposi \u201cEarly Interventions in ASD across Europe: Clinical Practices in Germany, Italy, Spain, and &#8230; <a title=\"La Leticia Asenjo presenta a Europa el model EDAI d&#8217;Atenci\u00f3 Preco\u00e7 i la intervenci\u00f3 especialitzada en autisme\" class=\"read-more\" href=\"https:\/\/edai.eu\/ca\/la-leticia-asenjo-presenta-el-model-datencio-precoc-i-la-intervencio-especialitzada-en-autisme-a-europa\/\" aria-label=\"M\u00e9s informaci\u00f3 sobre La Leticia Asenjo presenta a Europa el model EDAI d&#8217;Atenci\u00f3 Preco\u00e7 i la intervenci\u00f3 especialitzada en autisme\">Read more<\/a><\/p>\n","protected":false},"author":52,"featured_media":6741,"comment_status":"closed","ping_status":"open","sticky":false,"template":"","format":"standard","meta":{"_acf_changed":false,"CBBTypography":[],"footnotes":""},"categories":[6],"tags":[],"class_list":["post-6373","post","type-post","status-publish","format-standard","has-post-thumbnail","hentry","category-uncategorized-ca","generate-columns","tablet-grid-50","mobile-grid-100","grid-parent","grid-33"],"acf":[],"_links":{"self":[{"href":"https:\/\/edai.eu\/ca\/wp-json\/wp\/v2\/posts\/6373","targetHints":{"allow":["GET"]}}],"collection":[{"href":"https:\/\/edai.eu\/ca\/wp-json\/wp\/v2\/posts"}],"about":[{"href":"https:\/\/edai.eu\/ca\/wp-json\/wp\/v2\/types\/post"}],"author":[{"embeddable":true,"href":"https:\/\/edai.eu\/ca\/wp-json\/wp\/v2\/users\/52"}],"replies":[{"embeddable":true,"href":"https:\/\/edai.eu\/ca\/wp-json\/wp\/v2\/comments?post=6373"}],"version-history":[{"count":5,"href":"https:\/\/edai.eu\/ca\/wp-json\/wp\/v2\/posts\/6373\/revisions"}],"predecessor-version":[{"id":6382,"href":"https:\/\/edai.eu\/ca\/wp-json\/wp\/v2\/posts\/6373\/revisions\/6382"}],"wp:featuredmedia":[{"embeddable":true,"href":"https:\/\/edai.eu\/ca\/wp-json\/wp\/v2\/media\/6741"}],"wp:attachment":[{"href":"https:\/\/edai.eu\/ca\/wp-json\/wp\/v2\/media?parent=6373"}],"wp:term":[{"taxonomy":"category","embeddable":true,"href":"https:\/\/edai.eu\/ca\/wp-json\/wp\/v2\/categories?post=6373"},{"taxonomy":"post_tag","embeddable":true,"href":"https:\/\/edai.eu\/ca\/wp-json\/wp\/v2\/tags?post=6373"}],"curies":[{"name":"wp","href":"https:\/\/api.w.org\/{rel}","templated":true}]}}