

{"id":3387,"date":"2023-07-23T09:16:00","date_gmt":"2023-07-23T09:16:00","guid":{"rendered":"https:\/\/edai.eu\/edai-inicia-un-innovador-grupo-terapeutico-con-cinco-ninos-y-ninas-diagnosticados-con-trastorno-del-espectro-autista-tea-severo\/"},"modified":"2024-01-10T10:37:11","modified_gmt":"2024-01-10T10:37:11","slug":"edai-inicia-un-innovador-grupo-terapeutico-con-cinco-ninos-y-ninas-diagnosticados-con-trastorno-del-espectro-autista-tea-severo","status":"publish","type":"post","link":"https:\/\/edai.eu\/es\/edai-inicia-un-innovador-grupo-terapeutico-con-cinco-ninos-y-ninas-diagnosticados-con-trastorno-del-espectro-autista-tea-severo\/","title":{"rendered":"EDAI inicia un innovador grupo terap\u00e9utico con cinco ni\u00f1os y ni\u00f1as diagnosticados con Trastorno del Espectro Autista (TEA) severo."},"content":{"rendered":"\n<p>Desde octubre de 2022, EDAI Sant Mart\u00ed ha iniciado un grupo terap\u00e9utico con cinco ni\u00f1os y ni\u00f1as diagnosticados con Trastorno del Espectro Autista (TEA) severo.<\/p>\n\n<p>Esta iniciativa fue dise\u00f1ada para ni\u00f1os que ya hab\u00edan pasado por terapia individual, mostraron cierta mejor\u00eda, pero hab\u00edan alcanzado un punto de estancamiento. Creemos que este formato de grupo es una buena manera de revitalizar din\u00e1micas repetitivas y presentar nuevos desaf\u00edos a ni\u00f1os que hab\u00edan estado en terapia individual durante un tiempo.<\/p>\n\n<p>En las sesiones de grupo, hay un psic\u00f3logo y un psic\u00f3logo\/terapeuta psicomotor que se re\u00fanen con los ni\u00f1os\/as tres veces al mes, y una cuarta sesi\u00f3n, tambi\u00e9n en formato de grupo, con los padres.<\/p>\n\n<p>Con los ni\u00f1os, trabajamos para fomentar la vinculaci\u00f3n, las relaciones y las interacciones, con el objetivo de ayudarlos a conectar m\u00e1s con su entorno para que sientan la necesidad de compartir momentos de conexi\u00f3n y jugar entre ellos y con los terapeutas. Tambi\u00e9n buscamos mejorar sus habilidades de interacci\u00f3n social y comunicaci\u00f3n, lo que, en este punto de la terapia, significa que pueden comenzar a hacer peticiones, expresar sus deseos y sus necesidades. Creemos que la din\u00e1mica de grupo puede ayudar a ampliar sus intereses y habilidades de exploraci\u00f3n, y creemos que trabajar en la sala de terapia psicomotora de esta manera tambi\u00e9n fomenta una mayor conciencia de sus propios cuerpos y del peligro.<\/p>\n\n<p>Despu\u00e9s de unos meses de sesiones, hemos observado alguna mejora en su regulaci\u00f3n emocional y de comportamiento en contextos desafiantes, y este aspecto tambi\u00e9n les ayuda a tolerar mejor la frustraci\u00f3n y aceptar l\u00edmites.<\/p>\n\n<p>Con el trabajo en el grupo de padres, buscamos ofrecer un espacio para compartir preguntas, dudas y preocupaciones generales, e intentamos convertirlo en un espacio de reflexi\u00f3n colectiva sobre la crianza y la organizaci\u00f3n de situaciones cotidianas. Aunque se pretende fomentar la capacidad de los padres para entender las dificultades y necesidades de sus hijos e hijas, tambi\u00e9n valoramos el aspecto fundamental de poder enfrentar y compartir experiencias con otras personas que comprenden lo que explican de manera experiencial y personal.<\/p>\n","protected":false},"excerpt":{"rendered":"<p>Desde octubre de 2022, EDAI Sant Mart\u00ed ha iniciado un grupo terap\u00e9utico con cinco ni\u00f1os y ni\u00f1as diagnosticados con Trastorno del Espectro Autista (TEA) severo. Esta iniciativa fue dise\u00f1ada para ni\u00f1os que ya hab\u00edan pasado por terapia individual, mostraron cierta mejor\u00eda, pero hab\u00edan alcanzado un punto de estancamiento. Creemos que este formato de grupo es &#8230; <a title=\"EDAI inicia un innovador grupo terap\u00e9utico con cinco ni\u00f1os y ni\u00f1as diagnosticados con Trastorno del Espectro Autista (TEA) severo.\" class=\"read-more\" href=\"https:\/\/edai.eu\/es\/edai-inicia-un-innovador-grupo-terapeutico-con-cinco-ninos-y-ninas-diagnosticados-con-trastorno-del-espectro-autista-tea-severo\/\" aria-label=\"Leer m\u00e1s sobre EDAI inicia un innovador grupo terap\u00e9utico con cinco ni\u00f1os y ni\u00f1as diagnosticados con Trastorno del Espectro Autista (TEA) severo.\">Leer m\u00e1s<\/a><\/p>\n","protected":false},"author":1,"featured_media":2834,"comment_status":"closed","ping_status":"open","sticky":false,"template":"","format":"standard","meta":{"_acf_changed":false,"CBBTypography":[],"footnotes":""},"categories":[7],"tags":[],"class_list":["post-3387","post","type-post","status-publish","format-standard","has-post-thumbnail","hentry","category-sin-categorizar","generate-columns","tablet-grid-50","mobile-grid-100","grid-parent","grid-33"],"acf":[],"_links":{"self":[{"href":"https:\/\/edai.eu\/es\/wp-json\/wp\/v2\/posts\/3387","targetHints":{"allow":["GET"]}}],"collection":[{"href":"https:\/\/edai.eu\/es\/wp-json\/wp\/v2\/posts"}],"about":[{"href":"https:\/\/edai.eu\/es\/wp-json\/wp\/v2\/types\/post"}],"author":[{"embeddable":true,"href":"https:\/\/edai.eu\/es\/wp-json\/wp\/v2\/users\/1"}],"replies":[{"embeddable":true,"href":"https:\/\/edai.eu\/es\/wp-json\/wp\/v2\/comments?post=3387"}],"version-history":[{"count":0,"href":"https:\/\/edai.eu\/es\/wp-json\/wp\/v2\/posts\/3387\/revisions"}],"wp:featuredmedia":[{"embeddable":true,"href":"https:\/\/edai.eu\/es\/wp-json\/wp\/v2\/media\/2834"}],"wp:attachment":[{"href":"https:\/\/edai.eu\/es\/wp-json\/wp\/v2\/media?parent=3387"}],"wp:term":[{"taxonomy":"category","embeddable":true,"href":"https:\/\/edai.eu\/es\/wp-json\/wp\/v2\/categories?post=3387"},{"taxonomy":"post_tag","embeddable":true,"href":"https:\/\/edai.eu\/es\/wp-json\/wp\/v2\/tags?post=3387"}],"curies":[{"name":"wp","href":"https:\/\/api.w.org\/{rel}","templated":true}]}}