

{"id":3440,"date":"2023-07-17T09:47:00","date_gmt":"2023-07-17T07:47:00","guid":{"rendered":"https:\/\/edai.eu\/edai-retiro-nuevo-centro-de-atencion-temprana-de-la-comunidad-de-madrid\/"},"modified":"2023-12-16T17:33:57","modified_gmt":"2023-12-16T17:33:57","slug":"edai-retiro-nuevo-centro-de-atencion-temprana-de-la-comunidad-de-madrid","status":"publish","type":"post","link":"https:\/\/edai.eu\/es\/edai-retiro-nuevo-centro-de-atencion-temprana-de-la-comunidad-de-madrid\/","title":{"rendered":"EDAI Retiro, nuevo Centro de Atenci\u00f3n Temprana de la Comunidad de Madrid"},"content":{"rendered":"\n<p>Desde el pasado mayo, el centro EDAI Retiro, ubicado en el distrito de Retiro en Madrid, ha iniciado una nueva etapa como Centro de Atenci\u00f3n Temprana de la Comunidad de Madrid.<\/p>\n\n<p>EDAI Retiro ha ampliado su equipo de profesionales, as\u00ed como sus servicios cl\u00ednicos, para atender a todos los nuevos ni\u00f1os y familias. El equipo multidisciplinario incluye psic\u00f3logos, logopedas, fisioterapeutas, terapeutas ocupacionales, neuropediatras y personal administrativo.<\/p>\n\n<p>Estamos felices de poder llevar el modelo EDAI a un nuevo centro cl\u00ednico.<\/p>\n\n<p>Puedes seguir las actualizaciones de EDAI Retiro en: <a href=\"https:\/\/www.instagram.com\/edai_madrid\/reels\/\" target=\"_blank\" rel=\"noreferrer noopener\">@edai_madrid<\/a> (Instagram).<\/p>\n","protected":false},"excerpt":{"rendered":"<p>Desde el pasado mayo, el centro EDAI Retiro, ubicado en el distrito de Retiro en Madrid, ha iniciado una nueva etapa como Centro de Atenci\u00f3n Temprana de la Comunidad de Madrid. EDAI Retiro ha ampliado su equipo de profesionales, as\u00ed como sus servicios cl\u00ednicos, para atender a todos los nuevos ni\u00f1os y familias. El equipo &#8230; <a title=\"EDAI Retiro, nuevo Centro de Atenci\u00f3n Temprana de la Comunidad de Madrid\" class=\"read-more\" href=\"https:\/\/edai.eu\/es\/edai-retiro-nuevo-centro-de-atencion-temprana-de-la-comunidad-de-madrid\/\" aria-label=\"Leer m\u00e1s sobre EDAI Retiro, nuevo Centro de Atenci\u00f3n Temprana de la Comunidad de Madrid\">Leer m\u00e1s<\/a><\/p>\n","protected":false},"author":1,"featured_media":2178,"comment_status":"closed","ping_status":"open","sticky":false,"template":"","format":"standard","meta":{"_acf_changed":false,"CBBTypography":[],"footnotes":""},"categories":[7],"tags":[],"class_list":["post-3440","post","type-post","status-publish","format-standard","has-post-thumbnail","hentry","category-sin-categorizar","generate-columns","tablet-grid-50","mobile-grid-100","grid-parent","grid-33"],"acf":[],"_links":{"self":[{"href":"https:\/\/edai.eu\/es\/wp-json\/wp\/v2\/posts\/3440","targetHints":{"allow":["GET"]}}],"collection":[{"href":"https:\/\/edai.eu\/es\/wp-json\/wp\/v2\/posts"}],"about":[{"href":"https:\/\/edai.eu\/es\/wp-json\/wp\/v2\/types\/post"}],"author":[{"embeddable":true,"href":"https:\/\/edai.eu\/es\/wp-json\/wp\/v2\/users\/1"}],"replies":[{"embeddable":true,"href":"https:\/\/edai.eu\/es\/wp-json\/wp\/v2\/comments?post=3440"}],"version-history":[{"count":0,"href":"https:\/\/edai.eu\/es\/wp-json\/wp\/v2\/posts\/3440\/revisions"}],"wp:featuredmedia":[{"embeddable":true,"href":"https:\/\/edai.eu\/es\/wp-json\/wp\/v2\/media\/2178"}],"wp:attachment":[{"href":"https:\/\/edai.eu\/es\/wp-json\/wp\/v2\/media?parent=3440"}],"wp:term":[{"taxonomy":"category","embeddable":true,"href":"https:\/\/edai.eu\/es\/wp-json\/wp\/v2\/categories?post=3440"},{"taxonomy":"post_tag","embeddable":true,"href":"https:\/\/edai.eu\/es\/wp-json\/wp\/v2\/tags?post=3440"}],"curies":[{"name":"wp","href":"https:\/\/api.w.org\/{rel}","templated":true}]}}