

{"id":3452,"date":"2022-10-23T09:49:00","date_gmt":"2022-10-23T09:49:00","guid":{"rendered":"https:\/\/edai.eu\/edai-firma-un-convenio-con-la-fundacion-la-caixa-para-un-nuevo-proyecto-destinado-al-apoyo-a-familias-con-hijas-os-con-trastornos-del-neurodesarrollo\/"},"modified":"2024-01-10T10:38:25","modified_gmt":"2024-01-10T10:38:25","slug":"edai-firma-un-convenio-con-la-fundacion-la-caixa-para-un-nuevo-proyecto-destinado-al-apoyo-a-familias-con-hijas-os-con-trastornos-del-neurodesarrollo","status":"publish","type":"post","link":"https:\/\/edai.eu\/es\/edai-firma-un-convenio-con-la-fundacion-la-caixa-para-un-nuevo-proyecto-destinado-al-apoyo-a-familias-con-hijas-os-con-trastornos-del-neurodesarrollo\/","title":{"rendered":"EDAI firma un convenio con la Fundaci\u00f3n \u201dla Caixa\u201d para un nuevo proyecto destinado al apoyo a familias con hijas\/os con trastornos del neurodesarrollo"},"content":{"rendered":"\n<p>EDAI firma un nuevo convenio de colaboraci\u00f3n entre la Fundaci\u00f3n \u00abla Caixa\u00bb y EDAI para el desarrollo de un Espacio Familiar para Familias con hijos\/as con Trastornos del Neurodesarrollo.<\/p>\n\n<p>El proyecto tiene una duraci\u00f3n inicial de un a\u00f1o y se espera que tenga un impacto muy positivo en la calidad de vida de estas familias, al tratarse de un espacio dise\u00f1ado espec\u00edficamente para la atenci\u00f3n de familias con hijos\/ es con necesidades especiales, con un equipo interdisciplinar especializado en infancia, neurodesarrollo y atenci\u00f3n familiar.<\/p>\n","protected":false},"excerpt":{"rendered":"<p>EDAI firma un nuevo convenio de colaboraci\u00f3n entre la Fundaci\u00f3n \u00abla Caixa\u00bb y EDAI para el desarrollo de un Espacio Familiar para Familias con hijos\/as con Trastornos del Neurodesarrollo. El proyecto tiene una duraci\u00f3n inicial de un a\u00f1o y se espera que tenga un impacto muy positivo en la calidad de vida de estas familias, &#8230; <a title=\"EDAI firma un convenio con la Fundaci\u00f3n \u201dla Caixa\u201d para un nuevo proyecto destinado al apoyo a familias con hijas\/os con trastornos del neurodesarrollo\" class=\"read-more\" href=\"https:\/\/edai.eu\/es\/edai-firma-un-convenio-con-la-fundacion-la-caixa-para-un-nuevo-proyecto-destinado-al-apoyo-a-familias-con-hijas-os-con-trastornos-del-neurodesarrollo\/\" aria-label=\"Leer m\u00e1s sobre EDAI firma un convenio con la Fundaci\u00f3n \u201dla Caixa\u201d para un nuevo proyecto destinado al apoyo a familias con hijas\/os con trastornos del neurodesarrollo\">Leer m\u00e1s<\/a><\/p>\n","protected":false},"author":1,"featured_media":4127,"comment_status":"closed","ping_status":"open","sticky":false,"template":"","format":"standard","meta":{"_acf_changed":false,"CBBTypography":[],"footnotes":""},"categories":[7],"tags":[],"class_list":["post-3452","post","type-post","status-publish","format-standard","has-post-thumbnail","hentry","category-sin-categorizar","generate-columns","tablet-grid-50","mobile-grid-100","grid-parent","grid-33"],"acf":[],"_links":{"self":[{"href":"https:\/\/edai.eu\/es\/wp-json\/wp\/v2\/posts\/3452","targetHints":{"allow":["GET"]}}],"collection":[{"href":"https:\/\/edai.eu\/es\/wp-json\/wp\/v2\/posts"}],"about":[{"href":"https:\/\/edai.eu\/es\/wp-json\/wp\/v2\/types\/post"}],"author":[{"embeddable":true,"href":"https:\/\/edai.eu\/es\/wp-json\/wp\/v2\/users\/1"}],"replies":[{"embeddable":true,"href":"https:\/\/edai.eu\/es\/wp-json\/wp\/v2\/comments?post=3452"}],"version-history":[{"count":0,"href":"https:\/\/edai.eu\/es\/wp-json\/wp\/v2\/posts\/3452\/revisions"}],"wp:featuredmedia":[{"embeddable":true,"href":"https:\/\/edai.eu\/es\/wp-json\/wp\/v2\/media\/4127"}],"wp:attachment":[{"href":"https:\/\/edai.eu\/es\/wp-json\/wp\/v2\/media?parent=3452"}],"wp:term":[{"taxonomy":"category","embeddable":true,"href":"https:\/\/edai.eu\/es\/wp-json\/wp\/v2\/categories?post=3452"},{"taxonomy":"post_tag","embeddable":true,"href":"https:\/\/edai.eu\/es\/wp-json\/wp\/v2\/tags?post=3452"}],"curies":[{"name":"wp","href":"https:\/\/api.w.org\/{rel}","templated":true}]}}