

{"id":6375,"date":"2025-06-30T08:23:00","date_gmt":"2025-06-30T06:23:00","guid":{"rendered":"https:\/\/edai.eu\/leticia-asenjo-presenta-en-europa-el-modelo-de-atencion-temprana-y-la-intervencion-especializada-en-autismo\/"},"modified":"2025-07-17T09:22:06","modified_gmt":"2025-07-17T07:22:06","slug":"leticia-asenjo-presenta-en-europa-el-modelo-de-atencion-temprana-y-la-intervencion-especializada-en-autismo","status":"publish","type":"post","link":"https:\/\/edai.eu\/es\/leticia-asenjo-presenta-en-europa-el-modelo-de-atencion-temprana-y-la-intervencion-especializada-en-autismo\/","title":{"rendered":"Leticia Asenjo presenta en Europa el modelo EDAI de Atenci\u00f3n Temprana y la intervenci\u00f3n especializada en autismo"},"content":{"rendered":"\n<p>Leticia Asenjo, directora y cofundadora de EDAI, ha participado en el principal congreso europeo de Psiquiatr\u00eda Infantil, el Congreso ESCAP (European Society for Child and Adolescent Psychiatry), celebrado en Estrasburgo, Francia.<br\/>Leticia fue invitada a intervenir como representante de Espa\u00f1a en el simposio \u201cEarly Interventions in ASD across Europe: Clinical Practices in Germany, Italy, Spain, and France\u201d. En esta sesi\u00f3n, se realiz\u00f3 una presentaci\u00f3n y un debate entre instituciones de referencia de Francia (Hospital Universitario de Tours), Alemania (Universidad de Heidelberg), Italia (Universidad de Palermo) y Espa\u00f1a (EDAI) sobre las caracter\u00edsticas y puntos en com\u00fan de cada model, as\u00ed como el uso de la evidencia para mejorar y optimizar las intervenciones en autismo en la Atenci\u00f3n Temprana. <\/p>\n\n<p>Formar parte de este dialogo europeo supone un paso adelante en la construcci\u00f3n del futuro de las intervenciones basadas en la evidencia en el \u00e1mbito del autismo, y refuerza nuestro esfuerzo colectivo por mejorar la intervenci\u00f3n temprana y la atenci\u00f3n en salud mental infantil en toda Europa.<\/p>\n\n<p><\/p>\n\n<p><br\/><\/p>\n\n<p><\/p>\n","protected":false},"excerpt":{"rendered":"<p>Leticia Asenjo, directora y cofundadora de EDAI, ha participado en el principal congreso europeo de Psiquiatr\u00eda Infantil, el Congreso ESCAP (European Society for Child and Adolescent Psychiatry), celebrado en Estrasburgo, Francia.Leticia fue invitada a intervenir como representante de Espa\u00f1a en el simposio \u201cEarly Interventions in ASD across Europe: Clinical Practices in Germany, Italy, Spain, and &#8230; <a title=\"Leticia Asenjo presenta en Europa el modelo EDAI de Atenci\u00f3n Temprana y la intervenci\u00f3n especializada en autismo\" class=\"read-more\" href=\"https:\/\/edai.eu\/es\/leticia-asenjo-presenta-en-europa-el-modelo-de-atencion-temprana-y-la-intervencion-especializada-en-autismo\/\" aria-label=\"Leer m\u00e1s sobre Leticia Asenjo presenta en Europa el modelo EDAI de Atenci\u00f3n Temprana y la intervenci\u00f3n especializada en autismo\">Leer m\u00e1s<\/a><\/p>\n","protected":false},"author":52,"featured_media":6742,"comment_status":"closed","ping_status":"open","sticky":false,"template":"","format":"standard","meta":{"_acf_changed":false,"CBBTypography":[],"footnotes":""},"categories":[7],"tags":[],"class_list":["post-6375","post","type-post","status-publish","format-standard","has-post-thumbnail","hentry","category-sin-categorizar","generate-columns","tablet-grid-50","mobile-grid-100","grid-parent","grid-33"],"acf":[],"_links":{"self":[{"href":"https:\/\/edai.eu\/es\/wp-json\/wp\/v2\/posts\/6375","targetHints":{"allow":["GET"]}}],"collection":[{"href":"https:\/\/edai.eu\/es\/wp-json\/wp\/v2\/posts"}],"about":[{"href":"https:\/\/edai.eu\/es\/wp-json\/wp\/v2\/types\/post"}],"author":[{"embeddable":true,"href":"https:\/\/edai.eu\/es\/wp-json\/wp\/v2\/users\/52"}],"replies":[{"embeddable":true,"href":"https:\/\/edai.eu\/es\/wp-json\/wp\/v2\/comments?post=6375"}],"version-history":[{"count":5,"href":"https:\/\/edai.eu\/es\/wp-json\/wp\/v2\/posts\/6375\/revisions"}],"predecessor-version":[{"id":6384,"href":"https:\/\/edai.eu\/es\/wp-json\/wp\/v2\/posts\/6375\/revisions\/6384"}],"wp:featuredmedia":[{"embeddable":true,"href":"https:\/\/edai.eu\/es\/wp-json\/wp\/v2\/media\/6742"}],"wp:attachment":[{"href":"https:\/\/edai.eu\/es\/wp-json\/wp\/v2\/media?parent=6375"}],"wp:term":[{"taxonomy":"category","embeddable":true,"href":"https:\/\/edai.eu\/es\/wp-json\/wp\/v2\/categories?post=6375"},{"taxonomy":"post_tag","embeddable":true,"href":"https:\/\/edai.eu\/es\/wp-json\/wp\/v2\/tags?post=6375"}],"curies":[{"name":"wp","href":"https:\/\/api.w.org\/{rel}","templated":true}]}}